{"id":55929,"date":"2021-07-28T14:22:49","date_gmt":"2021-07-28T14:22:49","guid":{"rendered":"http:\/\/maralopezwortzman.com.ar\/?p=55929"},"modified":"2021-07-28T23:13:30","modified_gmt":"2021-07-28T23:13:30","slug":"podcast-2","status":"publish","type":"post","link":"https:\/\/maralopezwortzman.com.ar\/index.php\/2021\/07\/28\/podcast-2\/","title":{"rendered":"Entrevistas: \u00abMe pas\u00f3 una pandemia por encima\u00bb: esa sensaci\u00f3n de envejecer&#8230;"},"content":{"rendered":"<div class=\"container py-5\"><div class=\"row\"><div class=\"col\">\n<figure class=\"wp-block-image alignwide size-large\"><a href=\"https:\/\/araziroxana.com.ar\/nota\/1005\/me-paso-una-pandemia-por-encima-esa-sensacion-de-envejecer\" target=\"_blank\" rel=\"noopener\"><img loading=\"lazy\" width=\"758\" height=\"419\" src=\"http:\/\/maralopezwortzman.com.ar\/wp-content\/uploads\/2021\/07\/Diseno-sin-titulo-3.png\" alt=\"\" class=\"wp-image-55931\" srcset=\"https:\/\/maralopezwortzman.com.ar\/wp-content\/uploads\/2021\/07\/Diseno-sin-titulo-3.png 758w, https:\/\/maralopezwortzman.com.ar\/wp-content\/uploads\/2021\/07\/Diseno-sin-titulo-3-300x166.png 300w\" sizes=\"(max-width: 758px) 100vw, 758px\" \/><\/a><\/figure>\n\n\n\n<p><strong>Entrevista exclusiva de Caf\u00e9 a la Turca a la Dra. Mara L\u00f3pez Wortzman, m\u00e9dica cl\u00ednica, especialista en geriatr\u00eda y demencias.<\/strong><\/p>\n\n\n\n<p>Esta pandemia por Covid-19, que afecta al mundo en su totalidad, ha generado no s\u00f3lo enfermedad y muerte, p\u00e9rdidas econ\u00f3micas incalculables y cambios de h\u00e1bitos que incluyen dejar de lado algo tan humano como los abrazos, sino que a muchas personas tambi\u00e9n les ha generado una sensaci\u00f3n de estar envejeciendo a pasos agigantados.<\/p>\n\n\n\n<p>Como si este tiempo en el que tenemos menos contacto f\u00edsico con los afectos, menos actividades disponibles y quiz\u00e1s&nbsp;escasez de alegr\u00eda, golpease fuertemente en el \u00e1nimo pero tambi\u00e9n en los f\u00edsicos y en la percepci\u00f3n que tenemos de nosotros mismos, a\u00fan frente al espejo.&nbsp;\u00bfSer\u00e1 as\u00ed tambi\u00e9n frente a la mirada de los dem\u00e1s?.<\/p>\n\n\n\n<p>No son pocas las personas que comentan que en el tiempo que llevamos atravesando esta situaci\u00f3n, inesperada y sobre la que nadie ten\u00eda experiencia, se sienten \u00abviejas\u00bb, \u00abachacadas\u00bb, \u00abdesmejoradas\u00bb, \u00abarrugadas\u00bb, \u00absin fuerzas\u00bb y m\u00e1s.<\/p>\n\n\n\n<p>En este programa, la Dra.&nbsp;<em><strong>Mara L\u00f3pez Wortzman<\/strong><\/em>, m\u00e9dica cl\u00ednica especialista en geriatr\u00eda y demencias, habl\u00f3 sobre esas \u00absensaciones\u00bb, a las que les puso un manto de realidad ya&nbsp;sea para desmitificarlas o para acudir en ayuda de quienes tienen ese tipo de percepciones, dif\u00edciles de resolver en soledad&nbsp;&nbsp;y\/o de modificar si no se hace&nbsp;al menos el intento de \u00abestar comunicados\u00bb por las distintas v\u00edas que nos propone esta virtualidad.<\/p>\n\n\n\n<p>\u00abPodemos percibirnos diferentes, pero estamos a tiempo de modificarlo\u00bb, asegur\u00f3 Mara quien en su actividad como profesional de la salud no solo trabaja atendiendo las manifestaciones del cuerpo, sino tambi\u00e9n reforzando los v\u00ednculos de contenci\u00f3n, de cuidado y de amor, imprescindibles para transitar&nbsp;la vida sinti\u00e9ndonos sujetos activos hasta el final de nuestros d\u00edas y a pesar de las limitaciones que puedan existir.&nbsp;<\/p>\n<\/div><\/div><\/div>","protected":false},"excerpt":{"rendered":"<p>Entrevista exclusiva de Caf\u00e9 a la Turca a la Dra. Mara L\u00f3pez Wortzman, m\u00e9dica cl\u00ednica, especialista en geriatr\u00eda y demencias. Esta pandemia por Covid-19, que afecta al mundo en su totalidad, ha generado no s\u00f3lo enfermedad y muerte, p\u00e9rdidas econ\u00f3micas incalculables y cambios de h\u00e1bitos que incluyen dejar de lado algo tan humano como los [&hellip;]<\/p>\n","protected":false},"author":1,"featured_media":55955,"comment_status":"open","ping_status":"open","sticky":false,"template":"","format":"standard","meta":[],"categories":[1],"tags":[],"_links":{"self":[{"href":"https:\/\/maralopezwortzman.com.ar\/index.php\/wp-json\/wp\/v2\/posts\/55929"}],"collection":[{"href":"https:\/\/maralopezwortzman.com.ar\/index.php\/wp-json\/wp\/v2\/posts"}],"about":[{"href":"https:\/\/maralopezwortzman.com.ar\/index.php\/wp-json\/wp\/v2\/types\/post"}],"author":[{"embeddable":true,"href":"https:\/\/maralopezwortzman.com.ar\/index.php\/wp-json\/wp\/v2\/users\/1"}],"replies":[{"embeddable":true,"href":"https:\/\/maralopezwortzman.com.ar\/index.php\/wp-json\/wp\/v2\/comments?post=55929"}],"version-history":[{"count":11,"href":"https:\/\/maralopezwortzman.com.ar\/index.php\/wp-json\/wp\/v2\/posts\/55929\/revisions"}],"predecessor-version":[{"id":55943,"href":"https:\/\/maralopezwortzman.com.ar\/index.php\/wp-json\/wp\/v2\/posts\/55929\/revisions\/55943"}],"wp:featuredmedia":[{"embeddable":true,"href":"https:\/\/maralopezwortzman.com.ar\/index.php\/wp-json\/wp\/v2\/media\/55955"}],"wp:attachment":[{"href":"https:\/\/maralopezwortzman.com.ar\/index.php\/wp-json\/wp\/v2\/media?parent=55929"}],"wp:term":[{"taxonomy":"category","embeddable":true,"href":"https:\/\/maralopezwortzman.com.ar\/index.php\/wp-json\/wp\/v2\/categories?post=55929"},{"taxonomy":"post_tag","embeddable":true,"href":"https:\/\/maralopezwortzman.com.ar\/index.php\/wp-json\/wp\/v2\/tags?post=55929"}],"curies":[{"name":"wp","href":"https:\/\/api.w.org\/{rel}","templated":true}]}}