{"id":56019,"date":"2021-09-07T00:54:07","date_gmt":"2021-09-07T00:54:07","guid":{"rendered":"http:\/\/maralopezwortzman.com.ar\/?p=56019"},"modified":"2021-09-07T14:12:27","modified_gmt":"2021-09-07T14:12:27","slug":"septiembre-mes-del-alzheimer","status":"publish","type":"post","link":"https:\/\/maralopezwortzman.com.ar\/index.php\/2021\/09\/07\/septiembre-mes-del-alzheimer\/","title":{"rendered":"Septiembre Mes del Alzheimer"},"content":{"rendered":"<div class=\"container py-5\"><div class=\"row\"><div class=\"col\">\n<p>El objetivo es aprender sobre esta enfermedad que es una <a href=\"https:\/\/www.facebook.com\/hashtag\/pandemia?__eep__=6&amp;__cft__[0]=AZVr7kzWLs8s0cn4fHMIZqRImL3DYRyor60iQTbSk-zONTdD4V9tdPdWBMEABcQ2T9vQ1c6ra-L8b7XezKTc9npFQY57Q14689sufkmqccXHP0_LW9C4_bZz9gj-h6x2O_8&amp;__tn__=*NK-R\">#pandemia<\/a> desde hace mucho tiempo. Cada 3 segundos hay un nuevo caso de demencia en el mundo. Les comparto una nota realizada por <a href=\"https:\/\/www.facebook.com\/agustina.osorio.18?__cft__[0]=AZVr7kzWLs8s0cn4fHMIZqRImL3DYRyor60iQTbSk-zONTdD4V9tdPdWBMEABcQ2T9vQ1c6ra-L8b7XezKTc9npFQY57Q14689sufkmqccXHP0_LW9C4_bZz9gj-h6x2O_8&amp;__tn__=-]K-R\">Agustina Osorio<\/a> , ella siempre aporta a la gerontolog\u00eda desde m\u00faltiples miradas. Es licenciada en Cs. pol\u00edticas y cin\u00e9fila <img loading=\"lazy\" height=\"16\" width=\"16\" alt=\"\ud83d\ude09\" src=\"https:\/\/static.xx.fbcdn.net\/images\/emoji.php\/v9\/t57\/1\/16\/1f609.png\">, donde nos sugiere qu\u00e9 ver, en relaci\u00f3n a la tem\u00e1tica. Desde <a href=\"https:\/\/www.facebook.com\/hashtag\/almabariloche?__eep__=6&amp;__cft__[0]=AZVr7kzWLs8s0cn4fHMIZqRImL3DYRyor60iQTbSk-zONTdD4V9tdPdWBMEABcQ2T9vQ1c6ra-L8b7XezKTc9npFQY57Q14689sufkmqccXHP0_LW9C4_bZz9gj-h6x2O_8&amp;__tn__=*NK-R\">#almabariloche<\/a> , hicimos nuestro aporte.<\/p>\n\n\n\n<div style=\"height:62px\" aria-hidden=\"true\" class=\"wp-block-spacer\"><\/div>\n\n\n\n<figure class=\"wp-block-image alignwide size-large\"><a href=\"https:\/\/radiocut.fm\/audiocut\/cine-segun-sanchez-en-ideas-circulares-03-09-21-peliculas-retratan-alzheimer\/?fbclid=IwAR3PTKTwmZkJ3TBcOntGZ89171NV_kahLo_p8VT1wUbgnSjeyI6SQ1MADuk\"><img loading=\"lazy\" width=\"723\" height=\"404\" src=\"http:\/\/maralopezwortzman.com.ar\/wp-content\/uploads\/2021\/09\/Screenshot_10.png\" alt=\"\" class=\"wp-image-56025\" srcset=\"https:\/\/maralopezwortzman.com.ar\/wp-content\/uploads\/2021\/09\/Screenshot_10.png 723w, https:\/\/maralopezwortzman.com.ar\/wp-content\/uploads\/2021\/09\/Screenshot_10-300x168.png 300w\" sizes=\"(max-width: 723px) 100vw, 723px\" \/><\/a><\/figure>\n\n\n\n<div style=\"height:77px\" aria-hidden=\"true\" class=\"wp-block-spacer\"><\/div>\n<\/div><\/div><\/div>","protected":false},"excerpt":{"rendered":"<p>El objetivo es aprender sobre esta enfermedad que es una #pandemia desde hace mucho tiempo. Cada 3 segundos hay un nuevo caso de demencia en el mundo. Les comparto una nota realizada por Agustina Osorio , ella siempre aporta a la gerontolog\u00eda desde m\u00faltiples miradas. Es licenciada en Cs. pol\u00edticas y cin\u00e9fila , donde nos [&hellip;]<\/p>\n","protected":false},"author":1,"featured_media":56024,"comment_status":"open","ping_status":"open","sticky":false,"template":"","format":"standard","meta":[],"categories":[1],"tags":[],"_links":{"self":[{"href":"https:\/\/maralopezwortzman.com.ar\/index.php\/wp-json\/wp\/v2\/posts\/56019"}],"collection":[{"href":"https:\/\/maralopezwortzman.com.ar\/index.php\/wp-json\/wp\/v2\/posts"}],"about":[{"href":"https:\/\/maralopezwortzman.com.ar\/index.php\/wp-json\/wp\/v2\/types\/post"}],"author":[{"embeddable":true,"href":"https:\/\/maralopezwortzman.com.ar\/index.php\/wp-json\/wp\/v2\/users\/1"}],"replies":[{"embeddable":true,"href":"https:\/\/maralopezwortzman.com.ar\/index.php\/wp-json\/wp\/v2\/comments?post=56019"}],"version-history":[{"count":6,"href":"https:\/\/maralopezwortzman.com.ar\/index.php\/wp-json\/wp\/v2\/posts\/56019\/revisions"}],"predecessor-version":[{"id":56028,"href":"https:\/\/maralopezwortzman.com.ar\/index.php\/wp-json\/wp\/v2\/posts\/56019\/revisions\/56028"}],"wp:featuredmedia":[{"embeddable":true,"href":"https:\/\/maralopezwortzman.com.ar\/index.php\/wp-json\/wp\/v2\/media\/56024"}],"wp:attachment":[{"href":"https:\/\/maralopezwortzman.com.ar\/index.php\/wp-json\/wp\/v2\/media?parent=56019"}],"wp:term":[{"taxonomy":"category","embeddable":true,"href":"https:\/\/maralopezwortzman.com.ar\/index.php\/wp-json\/wp\/v2\/categories?post=56019"},{"taxonomy":"post_tag","embeddable":true,"href":"https:\/\/maralopezwortzman.com.ar\/index.php\/wp-json\/wp\/v2\/tags?post=56019"}],"curies":[{"name":"wp","href":"https:\/\/api.w.org\/{rel}","templated":true}]}}