{"id":56043,"date":"2021-09-14T14:56:18","date_gmt":"2021-09-14T14:56:18","guid":{"rendered":"http:\/\/maralopezwortzman.com.ar\/?p=56043"},"modified":"2021-09-14T15:00:54","modified_gmt":"2021-09-14T15:00:54","slug":"como-prepararse-para-cuidar-a-una-persona-con-demencia","status":"publish","type":"post","link":"https:\/\/maralopezwortzman.com.ar\/index.php\/2021\/09\/14\/como-prepararse-para-cuidar-a-una-persona-con-demencia\/","title":{"rendered":"\u00abC\u00f3mo prepararse para cuidar a una persona con Demencia\u00bb"},"content":{"rendered":"<div class=\"container py-5\"><div class=\"row\"><div class=\"col\">\n<p class=\"has-text-align-left\">Cuando se le diagnostica \u201cdemencia\u201d a un ser querido, tambi\u00e9n se est\u00e1 anunciando un cambio de estilo de vida para sus familiares y sobre todo para su<br>cuidador principal.<br>La enfermedad conlleva, en la mayor\u00eda de los casos, dos pacientes al mismo tiempo: \u201cel paciente con demencia\u201d que es el que se ve, al que llevan a la consulta, al que cuidan; y otro, el cuidador principal, que es sin duda el \u201cpaciente oculto\u201d de la enfermedad y que precisa de igual manera atenci\u00f3n, dedicaci\u00f3n y consejo, para disminuir su sobrecarga f\u00edsica y psicol\u00f3gica.<\/p>\n\n\n\n<p>Ver nota completa <a href=\"http:\/\/maralopezwortzman.com.ar\/wp-content\/uploads\/2021\/09\/GacetaSep-Nov21.pdf\">aqu\u00ed<\/a><\/p>\n<\/div><\/div><\/div>","protected":false},"excerpt":{"rendered":"<p>Cuando se le diagnostica \u201cdemencia\u201d a un ser querido, tambi\u00e9n se est\u00e1 anunciando un cambio de estilo de vida para sus familiares y sobre todo para sucuidador principal.La enfermedad conlleva, en la mayor\u00eda de los casos, dos pacientes al mismo tiempo: \u201cel paciente con demencia\u201d que es el que se ve, al que llevan a [&hellip;]<\/p>\n","protected":false},"author":1,"featured_media":56044,"comment_status":"open","ping_status":"open","sticky":false,"template":"","format":"standard","meta":[],"categories":[1],"tags":[],"_links":{"self":[{"href":"https:\/\/maralopezwortzman.com.ar\/index.php\/wp-json\/wp\/v2\/posts\/56043"}],"collection":[{"href":"https:\/\/maralopezwortzman.com.ar\/index.php\/wp-json\/wp\/v2\/posts"}],"about":[{"href":"https:\/\/maralopezwortzman.com.ar\/index.php\/wp-json\/wp\/v2\/types\/post"}],"author":[{"embeddable":true,"href":"https:\/\/maralopezwortzman.com.ar\/index.php\/wp-json\/wp\/v2\/users\/1"}],"replies":[{"embeddable":true,"href":"https:\/\/maralopezwortzman.com.ar\/index.php\/wp-json\/wp\/v2\/comments?post=56043"}],"version-history":[{"count":2,"href":"https:\/\/maralopezwortzman.com.ar\/index.php\/wp-json\/wp\/v2\/posts\/56043\/revisions"}],"predecessor-version":[{"id":56047,"href":"https:\/\/maralopezwortzman.com.ar\/index.php\/wp-json\/wp\/v2\/posts\/56043\/revisions\/56047"}],"wp:featuredmedia":[{"embeddable":true,"href":"https:\/\/maralopezwortzman.com.ar\/index.php\/wp-json\/wp\/v2\/media\/56044"}],"wp:attachment":[{"href":"https:\/\/maralopezwortzman.com.ar\/index.php\/wp-json\/wp\/v2\/media?parent=56043"}],"wp:term":[{"taxonomy":"category","embeddable":true,"href":"https:\/\/maralopezwortzman.com.ar\/index.php\/wp-json\/wp\/v2\/categories?post=56043"},{"taxonomy":"post_tag","embeddable":true,"href":"https:\/\/maralopezwortzman.com.ar\/index.php\/wp-json\/wp\/v2\/tags?post=56043"}],"curies":[{"name":"wp","href":"https:\/\/api.w.org\/{rel}","templated":true}]}}